{"id":546,"date":"2015-10-24T22:15:52","date_gmt":"2015-10-24T21:15:52","guid":{"rendered":"https:\/\/titi.me\/comic-con\/?p=546"},"modified":"2015-10-24T22:17:32","modified_gmt":"2015-10-24T21:17:32","slug":"et-le-comic-con-2015","status":"publish","type":"post","link":"https:\/\/titi.me\/comic-con\/2015\/10\/24\/et-le-comic-con-2015\/","title":{"rendered":"Et le Comic-Con 2015 ?"},"content":{"rendered":"<p><img loading=\"lazy\" decoding=\"async\" class=\"alignnone size-full wp-image-548\" src=\"https:\/\/titi.me\/comic-con\/wordpress\/wp-content\/uploads\/2015\/10\/mayim_bialik_kunal_nayyar_comic_con_2015_1436555427998_21177336_ver1.0_640_480.jpg\" alt=\"mayim bialik &amp; kunal nayyar\" width=\"640\" height=\"480\" srcset=\"https:\/\/titi.me\/comic-con\/wordpress\/wp-content\/uploads\/2015\/10\/mayim_bialik_kunal_nayyar_comic_con_2015_1436555427998_21177336_ver1.0_640_480.jpg 640w, https:\/\/titi.me\/comic-con\/wordpress\/wp-content\/uploads\/2015\/10\/mayim_bialik_kunal_nayyar_comic_con_2015_1436555427998_21177336_ver1.0_640_480-240x180.jpg 240w\" sizes=\"auto, (max-width: 640px) 100vw, 640px\" \/><\/p>\n<p>Le Comic-Con 2015 est pass\u00e9 depuis plusieurs mois et j&rsquo;en ai m\u00eame oubli\u00e9 de faire un article. Malheureusement cette ann\u00e9e je ne m&rsquo;y suis pas rendu pr\u00e9f\u00e9rant le Japon pour raison de coeur. \ud83d\ude42<\/p>\n<p>Pour le Comic-Con\u00a02016 rien n&rsquo;est moins s\u00fbr. J&rsquo;esp\u00e8re mais je ne le serais pas avant d\u00e9but de l&rsquo;ann\u00e9e prochaine. Et si ce n&rsquo;est pas l&rsquo;ann\u00e9e prochaine, \u00e7a le sera forc\u00e9ment une autre, c&rsquo;est promis. See you soon pour des rencontres\u00a0encore plus folles au lieu\u00a0ultime de la Pop Culture !<\/p>\n","protected":false},"excerpt":{"rendered":"<p>Le Comic-Con 2015 est pass\u00e9 depuis plusieurs mois et j&rsquo;en ai m\u00eame oubli\u00e9 de faire un article. Malheureusement cette ann\u00e9e je ne m&rsquo;y suis pas rendu pr\u00e9f\u00e9rant le Japon pour raison de coeur. \ud83d\ude42 Pour le Comic-Con\u00a02016 rien n&rsquo;est moins s\u00fbr. J&rsquo;esp\u00e8re mais je ne le serais pas avant d\u00e9but de l&rsquo;ann\u00e9e prochaine. Et si [&hellip;]<\/p>\n","protected":false},"author":1,"featured_media":0,"comment_status":"open","ping_status":"closed","sticky":false,"template":"","format":"standard","meta":{"footnotes":""},"categories":[8],"tags":[],"class_list":["post-546","post","type-post","status-publish","format-standard","hentry","category-comic-con"],"aioseo_notices":[],"_links":{"self":[{"href":"https:\/\/titi.me\/comic-con\/wp-json\/wp\/v2\/posts\/546","targetHints":{"allow":["GET"]}}],"collection":[{"href":"https:\/\/titi.me\/comic-con\/wp-json\/wp\/v2\/posts"}],"about":[{"href":"https:\/\/titi.me\/comic-con\/wp-json\/wp\/v2\/types\/post"}],"author":[{"embeddable":true,"href":"https:\/\/titi.me\/comic-con\/wp-json\/wp\/v2\/users\/1"}],"replies":[{"embeddable":true,"href":"https:\/\/titi.me\/comic-con\/wp-json\/wp\/v2\/comments?post=546"}],"version-history":[{"count":4,"href":"https:\/\/titi.me\/comic-con\/wp-json\/wp\/v2\/posts\/546\/revisions"}],"predecessor-version":[{"id":552,"href":"https:\/\/titi.me\/comic-con\/wp-json\/wp\/v2\/posts\/546\/revisions\/552"}],"wp:attachment":[{"href":"https:\/\/titi.me\/comic-con\/wp-json\/wp\/v2\/media?parent=546"}],"wp:term":[{"taxonomy":"category","embeddable":true,"href":"https:\/\/titi.me\/comic-con\/wp-json\/wp\/v2\/categories?post=546"},{"taxonomy":"post_tag","embeddable":true,"href":"https:\/\/titi.me\/comic-con\/wp-json\/wp\/v2\/tags?post=546"}],"curies":[{"name":"wp","href":"https:\/\/api.w.org\/{rel}","templated":true}]}}